{"id":3585,"date":"2025-07-23T13:37:45","date_gmt":"2025-07-23T13:37:45","guid":{"rendered":"https:\/\/www.tenutatreterre.hr\/?p=3585"},"modified":"2025-07-23T13:37:50","modified_gmt":"2025-07-23T13:37:50","slug":"salsa-night-2025","status":"publish","type":"post","link":"https:\/\/www.tenutatreterre.hr\/hr\/salsa-night-2025\/","title":{"rendered":"\u0160AL\u0160A NIGHT 2025 \u2013 Ve\u010der u ritmu strasti u Momjanu"},"content":{"rendered":"\n<h2 class=\"wp-block-heading\">Pripremite se za <strong>najstrastveniju ljetnu ve\u010der u Istri<\/strong>!<\/h2>\n\n\n\n<p><strong>U srijedu, 6. kolovoza 2025., s po\u010detkom u 19:00 sati<\/strong>, u romanti\u010dnom ambijentu <strong>Tenuta Tre Terre<\/strong> u Momjanu, odr\u017eat \u0107e se jedinstveni plesni i gastro do\u017eivljaj \u2013 <strong>\u0160AL\u0160A NIGHT<\/strong>.<\/p>\n\n\n\n<hr class=\"wp-block-separator has-alpha-channel-opacity\"\/>\n\n\n\n<h3 class=\"wp-block-heading\"><strong>Latino ritam pod zvijezdama<\/strong><\/h3>\n\n\n\n<p>Ve\u010der \u0107e zapo\u010deti uz <strong>najvru\u0107e latino ritmove DJ Latina s Joseom Garcijom<\/strong>, a poseban trenutak donosi <strong>plesni spektakl \u2013 Summer Latin Show by M Arts<\/strong>.<br>Plesni podij bit \u0107e otvoren do pono\u0107i, a ritam salse, bachate i merenguea vodit \u0107e vas kroz no\u0107 punu emocija.<\/p>\n\n\n\n<hr class=\"wp-block-separator has-alpha-channel-opacity\"\/>\n\n\n\n<h3 class=\"wp-block-heading\"><strong>Modni trenutak \u2013 MONTARO revija<\/strong><\/h3>\n\n\n\n<p>Uz ples i glazbu, ve\u010der \u0107e dodatno uljep\u0161ati i <strong>posebna revija luksuznih i unikatnih MONTARO marama i \u0161alova<\/strong> (<a class=\"\" href=\"https:\/\/montaro.hr\/\">montaro.hr<\/a>).<br>Svaka MONTARO kreacija nosi da\u0161ak Mediterana i elegancije, savr\u0161eno se uklapaju\u0107i u strastvenu atmosferu \u0160al\u0161a Nighta.<\/p>\n\n\n\n<hr class=\"wp-block-separator has-alpha-channel-opacity\"\/>\n\n\n\n<h3 class=\"wp-block-heading\"><strong>Okusi ljeta \u2013 Punch Club &amp; Rossi spritz<\/strong> &amp; Coslovich<\/h3>\n\n\n\n<p>Osvje\u017eite se uz popularne <strong>Punch Club koktele<\/strong> i premijerno isprobajte <strong>nove Rossi spritzeve<\/strong>, koji \u0107e ve\u010deri dodati pravi ljetni, mediteranski karakter.<br>U\u017eivanje upotpunjuje i <strong>kreativni salsa menu<\/strong> te selekcija <strong>lokalnih istarskih vin<\/strong>a vinarija Coslovich i San Mauro<br>Prvo pi\u0107e uklju\u010deno je u cijenu ulaznice, a za one koji \u017eele potpuni komfor dostupne su i <strong>rezervacije stolova s unaprijed odabranim pi\u0107em<\/strong>.<\/p>\n\n\n\n<hr class=\"wp-block-separator has-alpha-channel-opacity\"\/>\n\n\n\n<h3 class=\"wp-block-heading\"><strong>Dress code \u2013 boje strasti<\/strong><\/h3>\n\n\n\n<p>Odjenite se u <strong>crno s da\u0161kom crvene<\/strong> ili <strong>potpuno crveno<\/strong> \u2013 i prepustite se ve\u010deri strasti i ritma.<\/p>\n\n\n\n<hr class=\"wp-block-separator has-alpha-channel-opacity\"\/>\n\n\n\n<h2 class=\"wp-block-heading\"><strong>Ulaznice i rezervacije<\/strong><\/h2>\n\n\n\n<p><strong>Cijena ulaznice:<\/strong> 15 \u20ac (uklju\u010deno prvo pi\u0107e)<br><strong>Rezervacije stolova na upit:<\/strong> Ograni\u010den broj \u2013 uklju\u010duju pripremljen stol i odabrano pi\u0107e po dolasku.<\/p>\n\n\n\n<p><strong>Kontakt za rezervacije:<\/strong> <a>nina@tenutatreterre.hr<\/a><br><strong>091 950 7700<\/strong><\/p>\n\n\n\n<hr class=\"wp-block-separator has-alpha-channel-opacity\"\/>\n\n\n\n<h3 class=\"wp-block-heading\"><strong>Ne propustite ljetnu ve\u010der ritma, plesa i okusa!<\/strong><\/h3>\n\n\n\n<p><strong>\u0160AL\u0160A NIGHT<\/strong> nije samo event \u2013 to je <strong>ve\u010der u ritmu strasti<\/strong>, smje\u0161tena me\u0111u vinogradima Momjana, gdje se ple\u0161e, u\u017eiva, nazdravlja i \u2013 ove godine \u2013 do\u017eivljava i posebni modni trenutak uz <strong>luksuzne i unikatne Montaro marame i \u0161alove<\/strong>.<\/p>\n\n\n\n<p>Vidimo se <strong>6.8.2025. u Tenuta Tre Terre!<\/strong><br><br>Potra\u017eite vi\u0161e info na na\u0161em <a href=\"https:\/\/www.facebook.com\/events\/616582887710506\">\u0160al\u0161a Night Facebook event stranici!<\/a><br><br>I pogledajte <a href=\"https:\/\/www.tenutatreterre.hr\/salsa-night-photoalbum\/\">Foto galeriju<\/a> prija\u0161njih godina! <\/p>\n","protected":false},"excerpt":{"rendered":"<p>Pripremite se za najstrastveniju ljetnu ve\u010der u Istri! U srijedu, 6. kolovoza 2025., s po\u010detkom u 19:00 sati, u romanti\u010dnom ambijentu Tenuta Tre Terre u Momjanu, odr\u017eat \u0107e se jedinstveni plesni i gastro do\u017eivljaj \u2013 \u0160AL\u0160A NIGHT. Latino ritam pod zvijezdama Ve\u010der \u0107e zapo\u010deti uz najvru\u0107e latino ritmove DJ Latina s Joseom Garcijom, a poseban [&hellip;]<\/p>\n","protected":false},"author":1,"featured_media":3580,"comment_status":"closed","ping_status":"closed","sticky":false,"template":"","format":"standard","meta":{"ngg_post_thumbnail":0,"footnotes":""},"categories":[89],"tags":[81,42,40,75],"class_list":["post-3585","post","type-post","status-publish","format-standard","has-post-thumbnail","hentry","category-eventi","tag-dogadaji-istra","tag-events-istra","tag-istra","tag-ljeto-u-istri"],"yoast_head":"<!-- This site is optimized with the Yoast SEO plugin v22.3 - https:\/\/yoast.com\/wordpress\/plugins\/seo\/ -->\n<title>\u0160AL\u0160A NIGHT 2025 \u2013 Ve\u010der u ritmu strasti u Momjanu - Tenuta Tre Terre<\/title>\n<meta name=\"description\" content=\"Najstrastvenija ljetna ve\u010der u Istri! \u2013 jedinstveni plesni i gastro do\u017eivljaj u Tenuta Tre Terre, Momjan. Rezervirajte svoje mjesto!\" \/>\n<meta name=\"robots\" content=\"index, follow, max-snippet:-1, max-image-preview:large, max-video-preview:-1\" \/>\n<link rel=\"canonical\" href=\"https:\/\/www.tenutatreterre.hr\/hr\/salsa-night-2025\/\" \/>\n<meta property=\"og:locale\" content=\"hr_HR\" \/>\n<meta property=\"og:type\" content=\"article\" \/>\n<meta property=\"og:title\" content=\"\u0160AL\u0160A NIGHT 2025 \u2013 Ve\u010der u ritmu strasti u Momjanu - Tenuta Tre Terre\" \/>\n<meta property=\"og:description\" content=\"Najstrastvenija ljetna ve\u010der u Istri! \u2013 jedinstveni plesni i gastro do\u017eivljaj u Tenuta Tre Terre, Momjan. Rezervirajte svoje mjesto!\" \/>\n<meta property=\"og:url\" content=\"https:\/\/www.tenutatreterre.hr\/hr\/salsa-night-2025\/\" \/>\n<meta property=\"og:site_name\" content=\"Tenuta Tre Terre\" \/>\n<meta property=\"article:published_time\" content=\"2025-07-23T13:37:45+00:00\" \/>\n<meta property=\"article:modified_time\" content=\"2025-07-23T13:37:50+00:00\" \/>\n<meta property=\"og:image\" content=\"https:\/\/www.tenutatreterre.hr\/wp-content\/uploads\/2025\/07\/Salsa_night_EVENT_1920x1080-1-1024x576.jpg\" \/>\n\t<meta property=\"og:image:width\" content=\"1024\" \/>\n\t<meta property=\"og:image:height\" content=\"576\" \/>\n\t<meta property=\"og:image:type\" content=\"image\/jpeg\" \/>\n<meta name=\"author\" content=\"admin\" \/>\n<meta name=\"twitter:card\" content=\"summary_large_image\" \/>\n<meta name=\"twitter:label1\" content=\"Napisao\/la\" \/>\n\t<meta name=\"twitter:data1\" content=\"admin\" \/>\n\t<meta name=\"twitter:label2\" content=\"Procijenjeno vrijeme \u010ditanja\" \/>\n\t<meta name=\"twitter:data2\" content=\"2 minute\" \/>\n<script type=\"application\/ld+json\" class=\"yoast-schema-graph\">{\"@context\":\"https:\/\/schema.org\",\"@graph\":[{\"@type\":\"WebPage\",\"@id\":\"https:\/\/www.tenutatreterre.hr\/hr\/salsa-night-2025\/\",\"url\":\"https:\/\/www.tenutatreterre.hr\/hr\/salsa-night-2025\/\",\"name\":\"\u0160AL\u0160A NIGHT 2025 \u2013 Ve\u010der u ritmu strasti u Momjanu - Tenuta Tre Terre\",\"isPartOf\":{\"@id\":\"https:\/\/www.tenutatreterre.hr\/hr\/#website\"},\"primaryImageOfPage\":{\"@id\":\"https:\/\/www.tenutatreterre.hr\/hr\/salsa-night-2025\/#primaryimage\"},\"image\":{\"@id\":\"https:\/\/www.tenutatreterre.hr\/hr\/salsa-night-2025\/#primaryimage\"},\"thumbnailUrl\":\"https:\/\/www.tenutatreterre.hr\/wp-content\/uploads\/2025\/07\/Salsa_night_EVENT_1920x1080-1.jpg\",\"datePublished\":\"2025-07-23T13:37:45+00:00\",\"dateModified\":\"2025-07-23T13:37:50+00:00\",\"author\":{\"@id\":\"https:\/\/www.tenutatreterre.hr\/hr\/#\/schema\/person\/5a92de33a5298f26fdfa0e75b1427cd9\"},\"description\":\"Najstrastvenija ljetna ve\u010der u Istri! \u2013 jedinstveni plesni i gastro do\u017eivljaj u Tenuta Tre Terre, Momjan. Rezervirajte svoje mjesto!\",\"breadcrumb\":{\"@id\":\"https:\/\/www.tenutatreterre.hr\/hr\/salsa-night-2025\/#breadcrumb\"},\"inLanguage\":\"hr\",\"potentialAction\":[{\"@type\":\"ReadAction\",\"target\":[\"https:\/\/www.tenutatreterre.hr\/hr\/salsa-night-2025\/\"]}]},{\"@type\":\"ImageObject\",\"inLanguage\":\"hr\",\"@id\":\"https:\/\/www.tenutatreterre.hr\/hr\/salsa-night-2025\/#primaryimage\",\"url\":\"https:\/\/www.tenutatreterre.hr\/wp-content\/uploads\/2025\/07\/Salsa_night_EVENT_1920x1080-1.jpg\",\"contentUrl\":\"https:\/\/www.tenutatreterre.hr\/wp-content\/uploads\/2025\/07\/Salsa_night_EVENT_1920x1080-1.jpg\",\"width\":1920,\"height\":1080},{\"@type\":\"BreadcrumbList\",\"@id\":\"https:\/\/www.tenutatreterre.hr\/hr\/salsa-night-2025\/#breadcrumb\",\"itemListElement\":[{\"@type\":\"ListItem\",\"position\":1,\"name\":\"Po\u010detna stranica\",\"item\":\"https:\/\/www.tenutatreterre.hr\/hr\/\"},{\"@type\":\"ListItem\",\"position\":2,\"name\":\"\u0160AL\u0160A NIGHT 2025 \u2013 Ve\u010der u ritmu strasti u Momjanu\"}]},{\"@type\":\"WebSite\",\"@id\":\"https:\/\/www.tenutatreterre.hr\/hr\/#website\",\"url\":\"https:\/\/www.tenutatreterre.hr\/hr\/\",\"name\":\"Tenuta Tre Terre\",\"description\":\"Tenuta Tre Terre\",\"potentialAction\":[{\"@type\":\"SearchAction\",\"target\":{\"@type\":\"EntryPoint\",\"urlTemplate\":\"https:\/\/www.tenutatreterre.hr\/hr\/?s={search_term_string}\"},\"query-input\":\"required name=search_term_string\"}],\"inLanguage\":\"hr\"},{\"@type\":\"Person\",\"@id\":\"https:\/\/www.tenutatreterre.hr\/hr\/#\/schema\/person\/5a92de33a5298f26fdfa0e75b1427cd9\",\"name\":\"admin\",\"image\":{\"@type\":\"ImageObject\",\"inLanguage\":\"hr\",\"@id\":\"https:\/\/www.tenutatreterre.hr\/hr\/#\/schema\/person\/image\/\",\"url\":\"https:\/\/secure.gravatar.com\/avatar\/b178c0729930053477debec011b04d0bb9e1230d6682d451bfbd1d44d7bee024?s=96&d=mm&r=g\",\"contentUrl\":\"https:\/\/secure.gravatar.com\/avatar\/b178c0729930053477debec011b04d0bb9e1230d6682d451bfbd1d44d7bee024?s=96&d=mm&r=g\",\"caption\":\"admin\"},\"sameAs\":[\"http:\/\/www.tenutatreterre.hr\"],\"url\":\"https:\/\/www.tenutatreterre.hr\/hr\/author\/admin\/\"}]}<\/script>\n<!-- \/ Yoast SEO plugin. -->","yoast_head_json":{"title":"\u0160AL\u0160A NIGHT 2025 \u2013 Ve\u010der u ritmu strasti u Momjanu - Tenuta Tre Terre","description":"Najstrastvenija ljetna ve\u010der u Istri! \u2013 jedinstveni plesni i gastro do\u017eivljaj u Tenuta Tre Terre, Momjan. Rezervirajte svoje mjesto!","robots":{"index":"index","follow":"follow","max-snippet":"max-snippet:-1","max-image-preview":"max-image-preview:large","max-video-preview":"max-video-preview:-1"},"canonical":"https:\/\/www.tenutatreterre.hr\/hr\/salsa-night-2025\/","og_locale":"hr_HR","og_type":"article","og_title":"\u0160AL\u0160A NIGHT 2025 \u2013 Ve\u010der u ritmu strasti u Momjanu - Tenuta Tre Terre","og_description":"Najstrastvenija ljetna ve\u010der u Istri! \u2013 jedinstveni plesni i gastro do\u017eivljaj u Tenuta Tre Terre, Momjan. Rezervirajte svoje mjesto!","og_url":"https:\/\/www.tenutatreterre.hr\/hr\/salsa-night-2025\/","og_site_name":"Tenuta Tre Terre","article_published_time":"2025-07-23T13:37:45+00:00","article_modified_time":"2025-07-23T13:37:50+00:00","og_image":[{"width":1024,"height":576,"url":"https:\/\/www.tenutatreterre.hr\/wp-content\/uploads\/2025\/07\/Salsa_night_EVENT_1920x1080-1-1024x576.jpg","type":"image\/jpeg"}],"author":"admin","twitter_card":"summary_large_image","twitter_misc":{"Napisao\/la":"admin","Procijenjeno vrijeme \u010ditanja":"2 minute"},"schema":{"@context":"https:\/\/schema.org","@graph":[{"@type":"WebPage","@id":"https:\/\/www.tenutatreterre.hr\/hr\/salsa-night-2025\/","url":"https:\/\/www.tenutatreterre.hr\/hr\/salsa-night-2025\/","name":"\u0160AL\u0160A NIGHT 2025 \u2013 Ve\u010der u ritmu strasti u Momjanu - Tenuta Tre Terre","isPartOf":{"@id":"https:\/\/www.tenutatreterre.hr\/hr\/#website"},"primaryImageOfPage":{"@id":"https:\/\/www.tenutatreterre.hr\/hr\/salsa-night-2025\/#primaryimage"},"image":{"@id":"https:\/\/www.tenutatreterre.hr\/hr\/salsa-night-2025\/#primaryimage"},"thumbnailUrl":"https:\/\/www.tenutatreterre.hr\/wp-content\/uploads\/2025\/07\/Salsa_night_EVENT_1920x1080-1.jpg","datePublished":"2025-07-23T13:37:45+00:00","dateModified":"2025-07-23T13:37:50+00:00","author":{"@id":"https:\/\/www.tenutatreterre.hr\/hr\/#\/schema\/person\/5a92de33a5298f26fdfa0e75b1427cd9"},"description":"Najstrastvenija ljetna ve\u010der u Istri! \u2013 jedinstveni plesni i gastro do\u017eivljaj u Tenuta Tre Terre, Momjan. Rezervirajte svoje mjesto!","breadcrumb":{"@id":"https:\/\/www.tenutatreterre.hr\/hr\/salsa-night-2025\/#breadcrumb"},"inLanguage":"hr","potentialAction":[{"@type":"ReadAction","target":["https:\/\/www.tenutatreterre.hr\/hr\/salsa-night-2025\/"]}]},{"@type":"ImageObject","inLanguage":"hr","@id":"https:\/\/www.tenutatreterre.hr\/hr\/salsa-night-2025\/#primaryimage","url":"https:\/\/www.tenutatreterre.hr\/wp-content\/uploads\/2025\/07\/Salsa_night_EVENT_1920x1080-1.jpg","contentUrl":"https:\/\/www.tenutatreterre.hr\/wp-content\/uploads\/2025\/07\/Salsa_night_EVENT_1920x1080-1.jpg","width":1920,"height":1080},{"@type":"BreadcrumbList","@id":"https:\/\/www.tenutatreterre.hr\/hr\/salsa-night-2025\/#breadcrumb","itemListElement":[{"@type":"ListItem","position":1,"name":"Po\u010detna stranica","item":"https:\/\/www.tenutatreterre.hr\/hr\/"},{"@type":"ListItem","position":2,"name":"\u0160AL\u0160A NIGHT 2025 \u2013 Ve\u010der u ritmu strasti u Momjanu"}]},{"@type":"WebSite","@id":"https:\/\/www.tenutatreterre.hr\/hr\/#website","url":"https:\/\/www.tenutatreterre.hr\/hr\/","name":"Tenuta Tre Terre","description":"Tenuta Tre Terre","potentialAction":[{"@type":"SearchAction","target":{"@type":"EntryPoint","urlTemplate":"https:\/\/www.tenutatreterre.hr\/hr\/?s={search_term_string}"},"query-input":"required name=search_term_string"}],"inLanguage":"hr"},{"@type":"Person","@id":"https:\/\/www.tenutatreterre.hr\/hr\/#\/schema\/person\/5a92de33a5298f26fdfa0e75b1427cd9","name":"admin","image":{"@type":"ImageObject","inLanguage":"hr","@id":"https:\/\/www.tenutatreterre.hr\/hr\/#\/schema\/person\/image\/","url":"https:\/\/secure.gravatar.com\/avatar\/b178c0729930053477debec011b04d0bb9e1230d6682d451bfbd1d44d7bee024?s=96&d=mm&r=g","contentUrl":"https:\/\/secure.gravatar.com\/avatar\/b178c0729930053477debec011b04d0bb9e1230d6682d451bfbd1d44d7bee024?s=96&d=mm&r=g","caption":"admin"},"sameAs":["http:\/\/www.tenutatreterre.hr"],"url":"https:\/\/www.tenutatreterre.hr\/hr\/author\/admin\/"}]}},"_links":{"self":[{"href":"https:\/\/www.tenutatreterre.hr\/hr\/wp-json\/wp\/v2\/posts\/3585","targetHints":{"allow":["GET"]}}],"collection":[{"href":"https:\/\/www.tenutatreterre.hr\/hr\/wp-json\/wp\/v2\/posts"}],"about":[{"href":"https:\/\/www.tenutatreterre.hr\/hr\/wp-json\/wp\/v2\/types\/post"}],"author":[{"embeddable":true,"href":"https:\/\/www.tenutatreterre.hr\/hr\/wp-json\/wp\/v2\/users\/1"}],"replies":[{"embeddable":true,"href":"https:\/\/www.tenutatreterre.hr\/hr\/wp-json\/wp\/v2\/comments?post=3585"}],"version-history":[{"count":2,"href":"https:\/\/www.tenutatreterre.hr\/hr\/wp-json\/wp\/v2\/posts\/3585\/revisions"}],"predecessor-version":[{"id":3587,"href":"https:\/\/www.tenutatreterre.hr\/hr\/wp-json\/wp\/v2\/posts\/3585\/revisions\/3587"}],"wp:featuredmedia":[{"embeddable":true,"href":"https:\/\/www.tenutatreterre.hr\/hr\/wp-json\/wp\/v2\/media\/3580"}],"wp:attachment":[{"href":"https:\/\/www.tenutatreterre.hr\/hr\/wp-json\/wp\/v2\/media?parent=3585"}],"wp:term":[{"taxonomy":"category","embeddable":true,"href":"https:\/\/www.tenutatreterre.hr\/hr\/wp-json\/wp\/v2\/categories?post=3585"},{"taxonomy":"post_tag","embeddable":true,"href":"https:\/\/www.tenutatreterre.hr\/hr\/wp-json\/wp\/v2\/tags?post=3585"}],"curies":[{"name":"wp","href":"https:\/\/api.w.org\/{rel}","templated":true}]}}